{"id":934,"date":"2024-02-28T11:09:28","date_gmt":"2024-02-28T14:09:28","guid":{"rendered":"https:\/\/noticiassaludables.com.ar\/?p=934"},"modified":"2024-02-28T11:10:11","modified_gmt":"2024-02-28T14:10:11","slug":"el-festival-soijar-celebra-gran-concierto-de-jovenes-musicos-en-chascomus","status":"publish","type":"post","link":"https:\/\/noticiassaludables.com.ar\/?p=934","title":{"rendered":"El Festival SOIJAr celebra gran concierto de j\u00f3venes m\u00fasicos en Chascom\u00fas"},"content":{"rendered":"\n<p>Una orquesta integrada por 150 ni\u00f1os y adolescentes interpretar\u00e1n el emblem\u00e1tico \u201cHimno a la Alegr\u00eda\u201d, en el a\u00f1o del bicentenario de una de las obras musicales m\u00e1s famosas de todos los tiempos.<\/p>\n\n\n\n<p>En un evento notable en Chascom\u00fas, el&nbsp;<strong>Festival SOIJAr&nbsp;<\/strong>rinde tributo a la&nbsp;<strong>Novena Sinfon\u00eda de Beethoven<\/strong>&nbsp;en su bicentenario con un concierto especial, este s\u00e1bado por la noche. Este homenaje congregar\u00e1 a 150 ni\u00f1os y j\u00f3venes m\u00fasicos de distintas orquestas del pa\u00eds, quienes bajo la batuta del director&nbsp;<strong>Ezequiel Fautario<\/strong>&nbsp;presentar\u00e1n el \u201c<strong>Concierto a la Alegr\u00eda<\/strong>\u201d, inspirado en el famoso \u201c<strong>Himno a la Alegr\u00eda<\/strong>\u201d de esta obra maestra de la m\u00fasica cl\u00e1sica.<\/p>\n\n\n\n<p>El&nbsp;<strong>Festival SOIJAr&nbsp;<\/strong>, que comenz\u00f3 el pasado domingo, est\u00e1 dise\u00f1ado para fomentar la educaci\u00f3n musical y la inclusi\u00f3n social a trav\u00e9s de la m\u00fasica, reunir\u00e1 a una notable alineaci\u00f3n de artistas, incluidas las solistas&nbsp;<strong>Mariana Carnovali<\/strong>&nbsp;y&nbsp;<strong>Alejandra Malvino<\/strong>, ambas figuras destacadas del \u00e1mbito oper\u00edstico argentino. Este acontecimiento no solo celebra un hito en la historia de la m\u00fasica sino que tambi\u00e9n subraya la importancia de la formaci\u00f3n musical entre los j\u00f3venes.<\/p>\n\n\n\n<p>Las voces del \u201c<strong>Concierto a la Alegr\u00eda<\/strong>\u201d ser\u00e1n: Solistas: Mariana Carnovali, soprano; Alejandra Malvino, mezzosoprano; Santiago Mart\u00ednez, tenor; Marcelo Iglesias Reynes, bajo; Preparador de voces: Maestro Facundo Sacco; Directora art\u00edstica de voces: Mariana Carnovali.<\/p>\n\n\n\n<p><img loading=\"lazy\" decoding=\"async\" alt=\"La Fundaci\u00f3n SOIJAr fortalece la integraci\u00f3n a trav\u00e9s de las orquestas juveniles\" height=\"1080\" width=\"1920\" src=\"https:\/\/www.infobae.com\/new-resizer\/S89HBtNZRptui7Dct7y09PHFTN4=\/420x236\/filters:format(webp):quality(85)\/cloudfront-us-east-1.images.arcpublishing.com\/infobae\/F5XJDJLLTBHH3CEELGQ3BM3W7M.jpg%20420w\" srcset=\"https:\/\/www.infobae.com\/new-resizer\/S89HBtNZRptui7Dct7y09PHFTN4=\/420x236\/filters:format(webp):quality(85)\/cloudfront-us-east-1.images.arcpublishing.com\/infobae\/F5XJDJLLTBHH3CEELGQ3BM3W7M.jpg 420w,https:\/\/www.infobae.com\/new-resizer\/uV4AOeeg6QV-pPKsBJABVnlVel8=\/768x432\/filters:format(webp):quality(85)\/cloudfront-us-east-1.images.arcpublishing.com\/infobae\/F5XJDJLLTBHH3CEELGQ3BM3W7M.jpg 768w,https:\/\/www.infobae.com\/new-resizer\/g2XAFr2v3XvDcK9KmKOrO9Txk90=\/992x558\/filters:format(webp):quality(85)\/cloudfront-us-east-1.images.arcpublishing.com\/infobae\/F5XJDJLLTBHH3CEELGQ3BM3W7M.jpg 992w,https:\/\/www.infobae.com\/new-resizer\/H5qUqkKYEe0PiqxqU8y_GhMy1X8=\/1200x675\/filters:format(webp):quality(85)\/cloudfront-us-east-1.images.arcpublishing.com\/infobae\/F5XJDJLLTBHH3CEELGQ3BM3W7M.jpg 1200w,https:\/\/www.infobae.com\/new-resizer\/2exAYcGafLeLT6jD_GxakG4O3Gc=\/1440x810\/filters:format(webp):quality(85)\/cloudfront-us-east-1.images.arcpublishing.com\/infobae\/F5XJDJLLTBHH3CEELGQ3BM3W7M.jpg 1440w\">La Fundaci\u00f3n SOIJAr fortalece la integraci\u00f3n a trav\u00e9s de las orquestas juveniles<\/p>\n\n\n\n<p>Desde su inauguraci\u00f3n, el festival ha ofrecido una combinaci\u00f3n \u00fanica de aprendizaje y experiencia cultural, con actividades que incluyen cl\u00ednicas intensivas impartidas por destacados maestros de orquesta y m\u00fasica contempor\u00e1nea, as\u00ed como conciertos que brindan a los m\u00fasicos emergentes la oportunidad de interpretar piezas fundamentales del repertorio cl\u00e1sico y moderno ante un p\u00fablico variado. Las actuaciones anteriores en este festival han contado con colaboraciones solidarias de artistas como Balglietto-Vitale y Hilda Lizarazu, quienes contribuyeron con su talento de manera desinteresada.<\/p>\n\n\n\n<p>La&nbsp;<strong>Fundaci\u00f3n SOIJAr<\/strong>, detr\u00e1s de la organizaci\u00f3n del festival, ha promovido desde sus inicios en 2005, inspirada en el modelo del Sistema de Orquestas Infantiles y Juveniles de Venezuela creado por Jos\u00e9 Abreu, la creaci\u00f3n y desarrollo de orquestas como herramienta educativa y de integraci\u00f3n social. Esta iniciativa ha cobrado fuerza a\u00f1o tras a\u00f1o, convirti\u00e9ndose en un evento de gran impacto que en su edici\u00f3n anterior atrajo a cerca de 500 m\u00fasicos j\u00f3venes de todo el pa\u00eds, evidenciando su compromiso con la promoci\u00f3n de la m\u00fasica como medio de transformaci\u00f3n social y personal.<\/p>\n\n\n\n<p><img loading=\"lazy\" decoding=\"async\" alt=\"La educaci\u00f3n musical y la inclusi\u00f3n social, pilares del Festival SOIJAr\" height=\"1080\" width=\"1920\" src=\"https:\/\/www.infobae.com\/new-resizer\/XkDLrfwPSSNgdcy9UNzvH9EzsKw=\/420x236\/filters:format(webp):quality(85)\/cloudfront-us-east-1.images.arcpublishing.com\/infobae\/OFJKCTC54VE4RP6TFQIWVGEPP4.jpg%20420w\" srcset=\"https:\/\/www.infobae.com\/new-resizer\/XkDLrfwPSSNgdcy9UNzvH9EzsKw=\/420x236\/filters:format(webp):quality(85)\/cloudfront-us-east-1.images.arcpublishing.com\/infobae\/OFJKCTC54VE4RP6TFQIWVGEPP4.jpg 420w,https:\/\/www.infobae.com\/new-resizer\/LwLAZ0kvnz3A4Z0iwxcLwTGy3ZU=\/768x432\/filters:format(webp):quality(85)\/cloudfront-us-east-1.images.arcpublishing.com\/infobae\/OFJKCTC54VE4RP6TFQIWVGEPP4.jpg 768w,https:\/\/www.infobae.com\/new-resizer\/446n2umtGeAj9iUrB-MhxN793KE=\/992x558\/filters:format(webp):quality(85)\/cloudfront-us-east-1.images.arcpublishing.com\/infobae\/OFJKCTC54VE4RP6TFQIWVGEPP4.jpg 992w,https:\/\/www.infobae.com\/new-resizer\/5yZC02IuIRxg7vm9t4DwB-cMgec=\/1200x675\/filters:format(webp):quality(85)\/cloudfront-us-east-1.images.arcpublishing.com\/infobae\/OFJKCTC54VE4RP6TFQIWVGEPP4.jpg 1200w,https:\/\/www.infobae.com\/new-resizer\/GxH9-orCt93BN18crw2yY_6Drmk=\/1440x810\/filters:format(webp):quality(85)\/cloudfront-us-east-1.images.arcpublishing.com\/infobae\/OFJKCTC54VE4RP6TFQIWVGEPP4.jpg 1440w\">La educaci\u00f3n musical y la inclusi\u00f3n social, pilares del Festival SOIJAr<\/p>\n\n\n\n<p>\u201cDesde 2010 hemos logrado la representatividad federal. Para nosotros es muy importante cultivar los programas de la Fundaci\u00f3n SOIJAr de manera sist\u00e9mica y federal\u201d, resalt\u00f3 Valeria Atela, presidenta de la fundaci\u00f3n y directora del festival. \u201cQue cada acci\u00f3n que podamos hacer se irradie en todo el territorio, porque creemos profundamente en la m\u00fasica como un instrumento que transforma a las personas pero tambi\u00e9n a las comunidades\u201d, complet\u00f3 la tambi\u00e9n fundadora y directora de la Orquesta-Escuela de Chascom\u00fas, primera experiencia nacional que aplic\u00f3 la Metodolog\u00eda Orquesta-Escuela, creada por Atela.<\/p>\n\n\n\n<p>Por otro lado, el&nbsp;<strong>Festival SOIJAr<\/strong>&nbsp;tambi\u00e9n se destaca por su enfoque educativo a trav\u00e9s de capacitaciones, tanto presenciales como a distancia, y seminarios para m\u00fasicos, educadores y l\u00edderes en el \u00e1mbito musical. La edici\u00f3n 2024 de este evento no solo celebra la m\u00fasica y el legado de Beethoven sino que tambi\u00e9n reafirma la misi\u00f3n de la Fundaci\u00f3n SOIJAr de fomentar la educaci\u00f3n y la inclusi\u00f3n a trav\u00e9s de la m\u00fasica, ofreciendo una plataforma para que j\u00f3venes talentos muestren su habilidad y pasi\u00f3n por la m\u00fasica en un escenario prestigioso.<\/p>\n\n\n\n<p><img loading=\"lazy\" decoding=\"async\" alt=\"Roc\u00edo Quiroz estuvo presente en esta edici\u00f3n del festival\" height=\"1080\" width=\"1920\" src=\"https:\/\/www.infobae.com\/new-resizer\/0ErByCr9RyznutWhsbGdTgw74DQ=\/420x236\/filters:format(webp):quality(85)\/cloudfront-us-east-1.images.arcpublishing.com\/infobae\/HJJFOOCT75FFXBXGQ62HKU3Q4Q.jpg%20420w\" srcset=\"https:\/\/www.infobae.com\/new-resizer\/0ErByCr9RyznutWhsbGdTgw74DQ=\/420x236\/filters:format(webp):quality(85)\/cloudfront-us-east-1.images.arcpublishing.com\/infobae\/HJJFOOCT75FFXBXGQ62HKU3Q4Q.jpg 420w,https:\/\/www.infobae.com\/new-resizer\/DPZ3n8SJNKcKBC1bklUttylhIOM=\/768x432\/filters:format(webp):quality(85)\/cloudfront-us-east-1.images.arcpublishing.com\/infobae\/HJJFOOCT75FFXBXGQ62HKU3Q4Q.jpg 768w,https:\/\/www.infobae.com\/new-resizer\/zVjvZdbngiXWw_XZKw-FgoWdRj4=\/992x558\/filters:format(webp):quality(85)\/cloudfront-us-east-1.images.arcpublishing.com\/infobae\/HJJFOOCT75FFXBXGQ62HKU3Q4Q.jpg 992w,https:\/\/www.infobae.com\/new-resizer\/ltjLgGBohbTVlHEd_JBjt7ac4lg=\/1200x675\/filters:format(webp):quality(85)\/cloudfront-us-east-1.images.arcpublishing.com\/infobae\/HJJFOOCT75FFXBXGQ62HKU3Q4Q.jpg 1200w,https:\/\/www.infobae.com\/new-resizer\/bEpMjY7xSCwfxuvw4BCPxc1F9a4=\/1440x810\/filters:format(webp):quality(85)\/cloudfront-us-east-1.images.arcpublishing.com\/infobae\/HJJFOOCT75FFXBXGQ62HKU3Q4Q.jpg 1440w\">Roc\u00edo Quiroz estuvo presente en esta edici\u00f3n del festival<\/p>\n\n\n\n<p>Esta fiesta musical comenz\u00f3 el pasado domingo con Balgietto-Vitale en Concierto junto a la Filarm\u00f3nica Federal de J\u00f3venes y con Hilda Lizarazu como invitada. Y tuvo tambi\u00e9n a Roc\u00edo Quiroz con un homenaje sinf\u00f3nico a Gilda. Todos los artistas participaron de manera solidaria. El concierto se podr\u00e1 ver en vivo por el YouTube de la&nbsp;<strong>Fundaci\u00f3n SOIJAr<\/strong>. Adem\u00e1s, cabe mencionar, que este s\u00e1bado al t\u00e9rmino de las transmisiones de f\u00fatbol se estrenar\u00e1 en la TV P\u00fablica el primero de los conciertos, que tuvo como protagonistas a Baglietto, Vitale y Lizarazu.<\/p>\n\n\n\n<p>[Fotos: Ari Aristegui &#8211; prensa Fundaci\u00f3n SOIJAr]<\/p>\n\n\n\n<p><\/p>\n","protected":false},"excerpt":{"rendered":"<p>Una orquesta integrada por 150 ni\u00f1os y adolescentes interpretar\u00e1n el emblem\u00e1tico \u201cHimno a la Alegr\u00eda\u201d, en el a\u00f1o del bicentenario de una de las obras musicales m\u00e1s famosas de todos los tiempos. En un evento notable en Chascom\u00fas, el&nbsp;Festival SOIJAr&nbsp;rinde tributo a la&nbsp;Novena Sinfon\u00eda de Beethoven&nbsp;en su bicentenario con un concierto especial, este s\u00e1bado por [&hellip;]<\/p>\n","protected":false},"author":3,"featured_media":936,"comment_status":"open","ping_status":"open","sticky":false,"template":"","format":"standard","meta":{"footnotes":""},"categories":[3,12],"tags":[486,487],"class_list":["post-934","post","type-post","status-publish","format-standard","has-post-thumbnail","hentry","category-principal","category-sociedad","tag-festival-soijar","tag-jovenes-musicos-en-chascomus"],"_links":{"self":[{"href":"https:\/\/noticiassaludables.com.ar\/index.php?rest_route=\/wp\/v2\/posts\/934","targetHints":{"allow":["GET"]}}],"collection":[{"href":"https:\/\/noticiassaludables.com.ar\/index.php?rest_route=\/wp\/v2\/posts"}],"about":[{"href":"https:\/\/noticiassaludables.com.ar\/index.php?rest_route=\/wp\/v2\/types\/post"}],"author":[{"embeddable":true,"href":"https:\/\/noticiassaludables.com.ar\/index.php?rest_route=\/wp\/v2\/users\/3"}],"replies":[{"embeddable":true,"href":"https:\/\/noticiassaludables.com.ar\/index.php?rest_route=%2Fwp%2Fv2%2Fcomments&post=934"}],"version-history":[{"count":1,"href":"https:\/\/noticiassaludables.com.ar\/index.php?rest_route=\/wp\/v2\/posts\/934\/revisions"}],"predecessor-version":[{"id":935,"href":"https:\/\/noticiassaludables.com.ar\/index.php?rest_route=\/wp\/v2\/posts\/934\/revisions\/935"}],"wp:featuredmedia":[{"embeddable":true,"href":"https:\/\/noticiassaludables.com.ar\/index.php?rest_route=\/wp\/v2\/media\/936"}],"wp:attachment":[{"href":"https:\/\/noticiassaludables.com.ar\/index.php?rest_route=%2Fwp%2Fv2%2Fmedia&parent=934"}],"wp:term":[{"taxonomy":"category","embeddable":true,"href":"https:\/\/noticiassaludables.com.ar\/index.php?rest_route=%2Fwp%2Fv2%2Fcategories&post=934"},{"taxonomy":"post_tag","embeddable":true,"href":"https:\/\/noticiassaludables.com.ar\/index.php?rest_route=%2Fwp%2Fv2%2Ftags&post=934"}],"curies":[{"name":"wp","href":"https:\/\/api.w.org\/{rel}","templated":true}]}}