{"id":946,"date":"2024-03-01T11:06:30","date_gmt":"2024-03-01T14:06:30","guid":{"rendered":"https:\/\/noticiassaludables.com.ar\/?p=946"},"modified":"2024-03-01T11:06:31","modified_gmt":"2024-03-01T14:06:31","slug":"la-forma-mas-comun-de-la-obesidad-es-la-malnutricion","status":"publish","type":"post","link":"https:\/\/noticiassaludables.com.ar\/?p=946","title":{"rendered":"La forma m\u00e1s com\u00fan de la obesidad es la  malnutrici\u00f3n"},"content":{"rendered":"\n<p>Un estudio publicado en The Lancet analiz\u00f3 datos de 190 pa\u00edses y estim\u00f3 que a nivel global 1.000 millones viven con la enfermedad metab\u00f3lica. Las cifras en ni\u00f1os y adolescentes preocupan a los expertos<\/p>\n\n\n\n<p>\u201cEl exceso de peso, factor de riesgo para decenas de enfermedades,<strong>&nbsp;ya es la forma m\u00e1s com\u00fan de malnutrici\u00f3n en la mayor\u00eda de pa\u00edses<\/strong>: los casos en ni\u00f1os se han cuadruplicado en tres d\u00e9cadas y en los adultos, casi se han triplicado\u201d, resume el \u00faltimo informe sobre las<strong>&nbsp;tasas de&nbsp;<\/strong><a rel=\"noreferrer noopener\" href=\"https:\/\/www.infobae.com\/salud\/2023\/11\/05\/la-obesidad-crecio-un-72-en-13-anos-en-argentina-y-se-espera-que-la-cifra-aumente-en-el-corto-plazo\/\" target=\"_blank\"><strong>obesidad&nbsp;<\/strong><\/a><strong>global<\/strong>&nbsp;publicado en la revista<a rel=\"noreferrer noopener\" href=\"https:\/\/www.thelancet.com\/journals\/lancet\/article\/PIIS0140-6736(23)02750-2\/fulltext\" target=\"_blank\"><em>The Lancet<\/em><\/a>.<\/p>\n\n\n\n<p>Este trabajo vuelve a alertar a la poblaci\u00f3n en general sobre la creciente epidemia que est\u00e1 atravesando el mundo y avanza a\u00fan m\u00e1s que el coronavirus, ya que<strong>&nbsp;la&nbsp;<\/strong><a rel=\"noreferrer noopener\" href=\"https:\/\/www.infobae.com\/tag\/obesidad\/\" target=\"_blank\"><strong>obesidad&nbsp;<\/strong><\/a><strong>afecta hoy a m\u00e1s de 1000 millones de personas (uno de cada 8 habitantes del planeta)<\/strong>, y el COVID, seg\u00fan los datos notificados por la Organizaci\u00f3n Mundial de la Salud (OMS) alcanz\u00f3 los<a href=\"https:\/\/data.who.int\/dashboards\/covid19\/cases?n=c\">&nbsp;774 millones<\/a>&nbsp;de casos en el globo desde el inicio de la pandemia.<\/p>\n\n\n\n<p>El estudio, con datos de m\u00e1s de 190 pa\u00edses y elaborado en colaboraci\u00f3n con el<strong>&nbsp;Imperial College de Londres<\/strong>, indic\u00f3 que entre los<strong>&nbsp;ni\u00f1os y adolescentes del mundo la tasa de obesidad en 2022 era cuatro veces superior a la de 1990<\/strong>, mientras que, entre los adultos, esa tasa se duplic\u00f3 en las mujeres y casi se triplic\u00f3 en hombres.<\/p>\n\n\n\n<p>\u201cLas cifras de obesidad se han estabilizado en muchos pa\u00edses ricos, pero&nbsp;<strong>aumentan r\u00e1pidamente en otras partes del mundo como Asia o Latinoam\u00e9rica<\/strong>\u201d, manifest\u00f3 al presentar el estudio, uno de sus autores, el&nbsp;<strong>profesor del Imperial College Majid Ezzati<\/strong>.<\/p>\n\n\n\n<p><img loading=\"lazy\" decoding=\"async\" alt=\"Un n\u00famero creciente de personas en todo el mundo est\u00e1 consumiendo dietas que son energ\u00e9ticamente densas (altas en calor\u00edas) pero pobres en nutrientes esenciales (Freepik)\" height=\"5333\" width=\"8000\" src=\"https:\/\/www.infobae.com\/new-resizer\/0NfoEMpuGspybdyj1Z4ipV0AVR4=\/420x280\/filters:format(webp):quality(85)\/cloudfront-us-east-1.images.arcpublishing.com\/infobae\/AWJMAVNXHZHL7DUB2KZPUSEZSE.jpg%20420w\" srcset=\"https:\/\/www.infobae.com\/new-resizer\/0NfoEMpuGspybdyj1Z4ipV0AVR4=\/420x280\/filters:format(webp):quality(85)\/cloudfront-us-east-1.images.arcpublishing.com\/infobae\/AWJMAVNXHZHL7DUB2KZPUSEZSE.jpg 420w,https:\/\/www.infobae.com\/new-resizer\/T1mJG586NVluc3DqF9I5Rysduao=\/768x512\/filters:format(webp):quality(85)\/cloudfront-us-east-1.images.arcpublishing.com\/infobae\/AWJMAVNXHZHL7DUB2KZPUSEZSE.jpg 768w,https:\/\/www.infobae.com\/new-resizer\/5vfwpMN0qvlA8cHCZNzu2ZsWmes=\/992x661\/filters:format(webp):quality(85)\/cloudfront-us-east-1.images.arcpublishing.com\/infobae\/AWJMAVNXHZHL7DUB2KZPUSEZSE.jpg 992w,https:\/\/www.infobae.com\/new-resizer\/ysKL4zNQRG_0HSF6OUocpdAYYEE=\/1200x800\/filters:format(webp):quality(85)\/cloudfront-us-east-1.images.arcpublishing.com\/infobae\/AWJMAVNXHZHL7DUB2KZPUSEZSE.jpg 1200w,https:\/\/www.infobae.com\/new-resizer\/DEpNzs05bS_WbmevLCHZbb9HspU=\/1440x960\/filters:format(webp):quality(85)\/cloudfront-us-east-1.images.arcpublishing.com\/infobae\/AWJMAVNXHZHL7DUB2KZPUSEZSE.jpg 1440w\">Un n\u00famero creciente de personas en todo el mundo est\u00e1 consumiendo dietas que son energ\u00e9ticamente densas (altas en calor\u00edas) pero pobres en nutrientes esenciales (Freepik)<\/p>\n\n\n\n<p>Y agreg\u00f3: \u201cEstimaciones anteriores de la<a href=\"https:\/\/www.worldobesity.org\/news\/one-billion-people-globally-estimated-to-be-living-with-obesity-by-2030\" target=\"_blank\" rel=\"noreferrer noopener\">\u00a0Federaci\u00f3n Mundial de Obesidad\u00a0<\/a>sugirieron que habr\u00eda 1000 millones de personas viviendo con obesidad para 2030, pero esa\u00a0<strong>cifra ya fue superada en 2022<\/strong>. Estamos realmente sorprendidos por lo r\u00e1pido que han sucedido las cosas. Es una verdadera epidemia\u201d, dijo Ezzati.<\/p>\n\n\n\n<p>El nuevo an\u00e1lisis global, realizado por m\u00e1s de 1.500 investigadores de la&nbsp;<a href=\"https:\/\/ncdrisc.org\/\">Colaboraci\u00f3n de Factores de Riesgo de Enfermedades No Transmisibles<\/a>&nbsp;y la OMS, analiz\u00f3 las medidas de altura y peso de m\u00e1s de 220 millones de personas de m\u00e1s de 190 pa\u00edses.<\/p>\n\n\n\n<p>A pocos d\u00edas antes del D\u00eda Internacional contra la Obesidad que se conmemora el pr\u00f3ximo lunes 4 de marzo, el informe estim\u00f3 que unos 159 millones de ni\u00f1os y adolescentes de entre 5 y 19 a\u00f1os padec\u00edan obesidad en 2022, una cifra que en los adultos ascendi\u00f3 a los 879 millones de personas, lo que supone que un 43 % de la poblaci\u00f3n adulta mundial de ese a\u00f1o sufr\u00eda sobrepeso.<\/p>\n\n\n\n<p>\u201cEs muy preocupante que la epidemia de la obesidad que era evidente entre los adultos en gran parte del mundo en los a\u00f1os 90 se refleje ahora tambi\u00e9n en los ni\u00f1os y adolescentes\u201d, asegur\u00f3 Ezzati.<\/p>\n\n\n\n<p>El estudio tambi\u00e9n observ\u00f3 que entre 1990 y 2022 la proporci\u00f3n de menores afectados por insuficiencia ponderal (bajo peso en relaci\u00f3n con la edad) disminuy\u00f3 en una quinta parte entre las ni\u00f1as y en m\u00e1s de un tercio entre los ni\u00f1os, mientras que entre los adultos disminuy\u00f3 m\u00e1s de la mitad durante este mismo periodo.<\/p>\n\n\n\n<p><img loading=\"lazy\" decoding=\"async\" alt=\"El estudio alert\u00f3 sobre el aumento cu\u00e1druple en las tasas de obesidad entre ni\u00f1os y adolescentes desde 1990 hasta 2022 (Gettyimages)\" height=\"1080\" width=\"1920\" src=\"https:\/\/www.infobae.com\/new-resizer\/PZnmfIpKK2JJVrMkT7GyCUMkmr4=\/420x236\/filters:format(webp):quality(85)\/cloudfront-us-east-1.images.arcpublishing.com\/infobae\/IHPE7FDPARBGRMIXZVR2XFZTCU.jpg%20420w\" srcset=\"https:\/\/www.infobae.com\/new-resizer\/PZnmfIpKK2JJVrMkT7GyCUMkmr4=\/420x236\/filters:format(webp):quality(85)\/cloudfront-us-east-1.images.arcpublishing.com\/infobae\/IHPE7FDPARBGRMIXZVR2XFZTCU.jpg 420w,https:\/\/www.infobae.com\/new-resizer\/9AvStSTOTHz3SPrbRIxW88YW7So=\/768x432\/filters:format(webp):quality(85)\/cloudfront-us-east-1.images.arcpublishing.com\/infobae\/IHPE7FDPARBGRMIXZVR2XFZTCU.jpg 768w,https:\/\/www.infobae.com\/new-resizer\/V19evlR2b6Nz2Wz8aBhddGanKEY=\/992x558\/filters:format(webp):quality(85)\/cloudfront-us-east-1.images.arcpublishing.com\/infobae\/IHPE7FDPARBGRMIXZVR2XFZTCU.jpg 992w,https:\/\/www.infobae.com\/new-resizer\/L6XJaLC0HIyadx3i-xDdMjQUT0U=\/1200x675\/filters:format(webp):quality(85)\/cloudfront-us-east-1.images.arcpublishing.com\/infobae\/IHPE7FDPARBGRMIXZVR2XFZTCU.jpg 1200w,https:\/\/www.infobae.com\/new-resizer\/tGoo1_acRmzmIimMJV_pTPe6S3Q=\/1440x810\/filters:format(webp):quality(85)\/cloudfront-us-east-1.images.arcpublishing.com\/infobae\/IHPE7FDPARBGRMIXZVR2XFZTCU.jpg 1440w\">El estudio alert\u00f3 sobre el aumento cu\u00e1druple en las tasas de obesidad entre ni\u00f1os y adolescentes desde 1990 hasta 2022 (Gettyimages)<\/p>\n\n\n\n<p>El aumento de los niveles de obesidad sumado a esta disminuci\u00f3n del n\u00famero de personas con insuficiencia ponderal (bajo peso para la edad, que refleja un estado resultante de una insuficiente alimentaci\u00f3n) desde 1990 ha causado que\u00a0<strong>el sobrepeso en la forma m\u00e1s com\u00fan de malnutrici\u00f3n en la mayor\u00eda de los pa\u00edses<\/strong>.<\/p>\n\n\n\n<p>\u201cNo obstante, insuficiente nutrici\u00f3n y obesidad son dos caras de un mismo problema, la falta de acceso a dietas sanas\u201d, afirm\u00f3 el director del Departamento de Nutrici\u00f3n y Seguridad Alimentaria de la OMS, Francesco Branca, que record\u00f3 que mientras la alimentaci\u00f3n insuficiente pone en mayor riesgo de enfermedad y muerte a muchos ni\u00f1os, especialmente en regiones como el este de \u00c1frica o el sur de Asia, la obesidad puede derivar en enfermedades cardiovasculares, diabetes o incluso algunos tipos de c\u00e1ncer.<\/p>\n\n\n\n<h2 class=\"wp-block-heading\">Obesidad en el mundo<\/h2>\n\n\n\n<p>Seg\u00fan los datos recopilados,<strong>&nbsp;los pa\u00edses con mayor prevalencia de obesidad en 2022 son los archipi\u00e9lagos del Pac\u00edfico y el Caribe<\/strong>, donde cerca de dos tercios de los adultos son obesos.<\/p>\n\n\n\n<p>En el&nbsp;<strong>continente europeo, el Reino Unido&nbsp;<\/strong>vio aumentar su tasa de obesidad del 13,8 % en 1990 al 28,3 % en 2022 para las mujeres y del 10,7 % al 26,9 % para los hombres, con una prevalencia de la obesidad que ocup\u00f3 el puesto 87 en el mundo para las mujeres y el 55 para los hombres en el a\u00f1o 2022.<\/p>\n\n\n\n<p>En el polo opuesto, China ocup\u00f3 el puesto 190 en el mundo para las mujeres, el und\u00e9cimo m\u00e1s bajo del \u2018ranking\u2019 mundial, y el puesto 149 para los hombres, el 52 m\u00e1s bajo, en 2022. Branca subray\u00f3 la necesidad de pol\u00edticas de prevenci\u00f3n para reducir la obesidad, y en este sentido cit\u00f3 los progresos que pa\u00edses como Francia o Espa\u00f1a han logrado en reducir el sobrepreso de las mujeres del pa\u00eds.<\/p>\n\n\n\n<p><img loading=\"lazy\" decoding=\"async\" alt=\"El estudio publicado en la revista The Lancet fue realizado por la Colaboraci\u00f3n sobre Factores de Riesgo de ENT (NCD-RisC), una red global que incluye a m\u00e1s de 1.500 investigadores,  coordinada por el Centro Colaborador de la OMS en el Imperial College de Londres (REUTERS)\" height=\"485\" width=\"728\" src=\"https:\/\/www.infobae.com\/new-resizer\/m13bcOzHJtk91hooYTbBsm4S6zQ=\/420x280\/filters:format(webp):quality(85)\/cloudfront-us-east-1.images.arcpublishing.com\/infobae\/RDNUGOS5QF6TADYSJTOXY3K5FI.jpg%20420w\" srcset=\"https:\/\/www.infobae.com\/new-resizer\/m13bcOzHJtk91hooYTbBsm4S6zQ=\/420x280\/filters:format(webp):quality(85)\/cloudfront-us-east-1.images.arcpublishing.com\/infobae\/RDNUGOS5QF6TADYSJTOXY3K5FI.jpg 420w,https:\/\/www.infobae.com\/new-resizer\/_urdJGk0ZX9Z3Azk8sPFJ-RFYVs=\/768x512\/filters:format(webp):quality(85)\/cloudfront-us-east-1.images.arcpublishing.com\/infobae\/RDNUGOS5QF6TADYSJTOXY3K5FI.jpg 768w,https:\/\/www.infobae.com\/new-resizer\/4m55YhCjuwPRKlbCn-cEG1mGXWk=\/992x661\/filters:format(webp):quality(85)\/cloudfront-us-east-1.images.arcpublishing.com\/infobae\/RDNUGOS5QF6TADYSJTOXY3K5FI.jpg 992w,https:\/\/www.infobae.com\/new-resizer\/biaHOYL2xIE0Hb4Ce9IcVkyKuMk=\/1200x800\/filters:format(webp):quality(85)\/cloudfront-us-east-1.images.arcpublishing.com\/infobae\/RDNUGOS5QF6TADYSJTOXY3K5FI.jpg 1200w,https:\/\/www.infobae.com\/new-resizer\/IQC8Mhxf-tB0Y6_AYaWx3Zcjd3k=\/1440x960\/filters:format(webp):quality(85)\/cloudfront-us-east-1.images.arcpublishing.com\/infobae\/RDNUGOS5QF6TADYSJTOXY3K5FI.jpg 1440w\">El estudio publicado en la revista The Lancet fue realizado por la Colaboraci\u00f3n sobre Factores de Riesgo de ENT (NCD-RisC), una red global que incluye a m\u00e1s de 1.500 investigadores, coordinada por el Centro Colaborador de la OMS en el Imperial College de Londres (REUTERS)<\/p>\n\n\n\n<p>Ezzati dijo que los investigadores se sorprendieron al descubrir que ninguna de las naciones ricas industrializadas, excepto<strong>&nbsp;Estados Unidos, encabezaba la lista de pa\u00edses con mayor prevalencia de obesidad en 2022<\/strong>. Dijo que eso era un gran cambio con respecto a 2017, cuando La \u00faltima vez que la OMS realiz\u00f3 un&nbsp;<a href=\"https:\/\/www.who.int\/news\/item\/11-10-2017-tenfold-increase-in-childhood-and-adolescent-obesity-in-four-decades-new-study-by-imperial-college-london-and-who\">an\u00e1lisis de obesidad<\/a>&nbsp;global similar, encontr\u00f3 que EEUU, Canad\u00e1, Australia, Nueva Zelanda y el Reino Unido se encontraban en la categor\u00eda superior de prevalencia de obesidad.<\/p>\n\n\n\n<p>De acuerdo con el doctor Guha Pradeepa, coautor del estudio, los actuales problemas mundiales como el cambio clim\u00e1tico, las interrupciones causadas por la pandemia o los conflictos pueden empeorar los \u00edndices mundiales de ambas formas de desnutrici\u00f3n, al aumentar la pobreza y el coste de los alimentos ricos en nutrientes.<\/p>\n\n\n\n<p>Ante esta situaci\u00f3n, los expertos aseguraron que es necesario poner en<strong>&nbsp;marcha pol\u00edticas integrales&nbsp;<\/strong>para abordar estos desaf\u00edos, tales como normativas sobre la comercializaci\u00f3n de alimentos y bebidas nocivos dirigidos a ni\u00f1os. Tambi\u00e9n recomiendan iniciativas para regular la venta de productos con alto contenido en grasas, az\u00facares y sal cerca de las escuelas, o pol\u00edticas de precios y etiquetado nutricional para promover dietas m\u00e1s sanas.<\/p>\n\n\n\n<p>\u201cLa raz\u00f3n por la que la epidemia ha progresado tan r\u00e1pidamente es porque las medidas pol\u00edticas no han sido lo suficientemente incisivas. Se ha dependido del cambio de comportamiento, pero las soluciones no han tocado el elemento estructural, que son las pol\u00edticas en torno a la alimentaci\u00f3n y el medio ambiente\u201d, sostuvieron los expertos en el informe, que agregaron que la obesidad y el bajo peso coexisten en muchos pa\u00edses y deben abordarse en paralelo, mediante intervenciones pol\u00edticas de doble funci\u00f3n que aborden ambas formas de desnutrici\u00f3n.<\/p>\n\n\n\n<p>\u201cTales pol\u00edticas incluyen la promoci\u00f3n y el apoyo a la lactancia materna, impuestos a las bebidas azucaradas, regulaci\u00f3n de la comercializaci\u00f3n de alimentos dirigida a los ni\u00f1os y el suministro de alimentos nutritivos en instituciones p\u00fablicas como las escuelas\u201d, dijo Branca. A\u00f1adi\u00f3 que la reforma agr\u00edcola, el dise\u00f1o urbano y la inversi\u00f3n en atenci\u00f3n primaria de salud pueden respaldar esas pol\u00edticas.<\/p>\n\n\n\n<p>Branca dijo que la pol\u00edtica p\u00fablica debe apuntar a mejorar el seguimiento de los fabricantes de alimentos y garantizar el acceso equitativo a alimentos saludables y nutritivos para todos.&nbsp;<strong>\u201cM\u00e1s de 3 mil millones de personas en el mundo todav\u00eda no pueden permitirse una dieta saludable<\/strong>\u201d, afirm\u00f3 el experto.<\/p>\n\n\n\n<p>El director general de la OMS,\u00a0<strong>Tedros Adhanom Ghebreyesus,<\/strong>\u00a0record\u00f3 que alcanzar los objetivos mundiales de reducci\u00f3n de la obesidad exigir\u00e1 del trabajo conjunto de los gobiernos, las comunidades y los organismos nacionales de salud p\u00fablica, as\u00ed como de la cooperaci\u00f3n del sector privado, que \u201cdebe rendir cuentas de las repercusiones sanitarias de sus productos\u201d.<\/p>\n\n\n\n<p>Fuente: https:\/\/www.infobae.com\/salud\/2024\/03\/01\/una-de-cada-8-personas-en-el-mundo-tiene-obesidad-y-ya-es-la-forma-mas-comun-de-malnutricion\/<\/p>\n","protected":false},"excerpt":{"rendered":"<p>Un estudio publicado en The Lancet analiz\u00f3 datos de 190 pa\u00edses y estim\u00f3 que a nivel global 1.000 millones viven con la enfermedad metab\u00f3lica. Las cifras en ni\u00f1os y adolescentes preocupan a los expertos \u201cEl exceso de peso, factor de riesgo para decenas de enfermedades,&nbsp;ya es la forma m\u00e1s com\u00fan de malnutrici\u00f3n en la mayor\u00eda [&hellip;]<\/p>\n","protected":false},"author":3,"featured_media":947,"comment_status":"open","ping_status":"open","sticky":false,"template":"","format":"standard","meta":{"footnotes":""},"categories":[11,6,3,12],"tags":[493,492],"class_list":["post-946","post","type-post","status-publish","format-standard","has-post-thumbnail","hentry","category-agenda","category-alimentacion","category-principal","category-sociedad","tag-exceso-de-peso","tag-malnutricion"],"_links":{"self":[{"href":"https:\/\/noticiassaludables.com.ar\/index.php?rest_route=\/wp\/v2\/posts\/946","targetHints":{"allow":["GET"]}}],"collection":[{"href":"https:\/\/noticiassaludables.com.ar\/index.php?rest_route=\/wp\/v2\/posts"}],"about":[{"href":"https:\/\/noticiassaludables.com.ar\/index.php?rest_route=\/wp\/v2\/types\/post"}],"author":[{"embeddable":true,"href":"https:\/\/noticiassaludables.com.ar\/index.php?rest_route=\/wp\/v2\/users\/3"}],"replies":[{"embeddable":true,"href":"https:\/\/noticiassaludables.com.ar\/index.php?rest_route=%2Fwp%2Fv2%2Fcomments&post=946"}],"version-history":[{"count":1,"href":"https:\/\/noticiassaludables.com.ar\/index.php?rest_route=\/wp\/v2\/posts\/946\/revisions"}],"predecessor-version":[{"id":948,"href":"https:\/\/noticiassaludables.com.ar\/index.php?rest_route=\/wp\/v2\/posts\/946\/revisions\/948"}],"wp:featuredmedia":[{"embeddable":true,"href":"https:\/\/noticiassaludables.com.ar\/index.php?rest_route=\/wp\/v2\/media\/947"}],"wp:attachment":[{"href":"https:\/\/noticiassaludables.com.ar\/index.php?rest_route=%2Fwp%2Fv2%2Fmedia&parent=946"}],"wp:term":[{"taxonomy":"category","embeddable":true,"href":"https:\/\/noticiassaludables.com.ar\/index.php?rest_route=%2Fwp%2Fv2%2Fcategories&post=946"},{"taxonomy":"post_tag","embeddable":true,"href":"https:\/\/noticiassaludables.com.ar\/index.php?rest_route=%2Fwp%2Fv2%2Ftags&post=946"}],"curies":[{"name":"wp","href":"https:\/\/api.w.org\/{rel}","templated":true}]}}