{"id":998,"date":"2024-03-15T11:16:17","date_gmt":"2024-03-15T14:16:17","guid":{"rendered":"https:\/\/noticiassaludables.com.ar\/?p=998"},"modified":"2024-03-15T11:16:17","modified_gmt":"2024-03-15T14:16:17","slug":"mes-de-concientizacion-del-cancer-de-colon","status":"publish","type":"post","link":"https:\/\/noticiassaludables.com.ar\/?p=998","title":{"rendered":"Mes de concientizaci\u00f3n del c\u00e1ncer de colon"},"content":{"rendered":"\n<p>En el mes de concientizaci\u00f3n del c\u00e1ncer de colon, el gastroenter\u00f3logo Luis Caro, director de la carrera de Endoscop\u00eda Digestiva de la UBA y presidente de la Fundaci\u00f3n Gedyt, destac\u00f3 la importancia de realizarse los estudios preventivos, ya que la patolog\u00eda es curable si se detecta a tiempo<\/p>\n\n\n\n<p>El&nbsp;<a rel=\"noreferrer noopener\" href=\"https:\/\/www.infobae.com\/tag\/cancer-de-colon\/\" target=\"_blank\"><strong>c\u00e1ncer de colon&nbsp;<\/strong><\/a><strong>o colorrectal&nbsp;<\/strong>es uno de los m\u00e1s frecuentes y es la segunda causa de muerte vinculada al c\u00e1ncer en todo el mundo, seg\u00fan datos de la Organizaci\u00f3n Mundial de la Salud (OMS). Afecta al colon (intestino grueso) o al recto y<strong>&nbsp;no suele provocar s\u00edntomas<\/strong>&nbsp;hasta que la enfermedad se encuentra en estadios avanzados.<\/p>\n\n\n\n<p>Por lo general, aparece como grupos peque\u00f1os de c\u00e9lulas llamados<strong>&nbsp;p\u00f3lipos<\/strong>&nbsp;que se forman en el interior del colon, justamente estas&nbsp;<strong>lesiones precursoras<\/strong>&nbsp;brindan una \u201cventana de tiempo\u201d para iniciar el&nbsp;<a rel=\"noreferrer noopener\" href=\"https:\/\/www.infobae.com\/salud\/2023\/03\/31\/el-gastroenterologo-luis-caro-el-cancer-de-colon-provoca-23-muertes-por-dia-que-pueden-prevenirse\/\" target=\"_blank\">tratamiento temprano<\/a>, lo que aumenta la probabilidad de un abordaje terap\u00e9utico exitoso.<\/p>\n\n\n\n<p>Por eso, los<strong>&nbsp;chequeos preventivos&nbsp;<\/strong>son fundamentales para&nbsp;<strong>salvar vidas.<\/strong><\/p>\n\n\n\n<p>Si se detecta a tiempo,&nbsp;<strong>m\u00e1s del 90% de los casos de c\u00e1ncer de colon pueden curarse<\/strong>. Como suele ser asintom\u00e1tico en su primera fase, es primordial consultar al m\u00e9dico y hacerse los estudios de chequeo.<\/p>\n\n\n\n<p>El c\u00e1ncer de colon<strong>&nbsp;suele afectar a adultos mayores,<\/strong>&nbsp;aunque puede ocurrir a&nbsp;<strong>cualquier edad<\/strong>. En ese sentido, recientes estudios muestran que desde 1990, el&nbsp;<strong>c\u00e1ncer de colon est\u00e1 creciendo entre los adultos j\u00f3venes<\/strong>.<\/p>\n\n\n\n<h2 class=\"wp-block-heading\">El c\u00e1ncer de colon en adultos j\u00f3venes<\/h2>\n\n\n\n<p><img loading=\"lazy\" decoding=\"async\" alt=\"La colonoscopia salva vidas al detectar la enfermedad en su estado m\u00e1s temprano y con frecuencia precanceroso (Freepik)\" height=\"864\" width=\"1536\" src=\"https:\/\/www.infobae.com\/new-resizer\/sbltw3b07SgMgpDqWa9co-ZSULE=\/420x236\/filters:format(webp):quality(85)\/cloudfront-us-east-1.images.arcpublishing.com\/infobae\/MBUUITROHJDWHIUH6IHVJ2YCUU.jpg%20420w\" srcset=\"https:\/\/www.infobae.com\/new-resizer\/sbltw3b07SgMgpDqWa9co-ZSULE=\/420x236\/filters:format(webp):quality(85)\/cloudfront-us-east-1.images.arcpublishing.com\/infobae\/MBUUITROHJDWHIUH6IHVJ2YCUU.jpg 420w,https:\/\/www.infobae.com\/new-resizer\/QV5FFRCs9CnNaL1QpnhQAJsInZ8=\/768x432\/filters:format(webp):quality(85)\/cloudfront-us-east-1.images.arcpublishing.com\/infobae\/MBUUITROHJDWHIUH6IHVJ2YCUU.jpg 768w,https:\/\/www.infobae.com\/new-resizer\/8LyeEyZsCFBg7ABiVjmvbezQ3fo=\/992x558\/filters:format(webp):quality(85)\/cloudfront-us-east-1.images.arcpublishing.com\/infobae\/MBUUITROHJDWHIUH6IHVJ2YCUU.jpg 992w,https:\/\/www.infobae.com\/new-resizer\/4JVzj_RqIph2xZYQXgIfzgm2bl4=\/1200x675\/filters:format(webp):quality(85)\/cloudfront-us-east-1.images.arcpublishing.com\/infobae\/MBUUITROHJDWHIUH6IHVJ2YCUU.jpg 1200w,https:\/\/www.infobae.com\/new-resizer\/YXnIBM4QQ2RRl-KsYskam-xvHvg=\/1440x810\/filters:format(webp):quality(85)\/cloudfront-us-east-1.images.arcpublishing.com\/infobae\/MBUUITROHJDWHIUH6IHVJ2YCUU.jpg 1440w\">La colonoscopia salva vidas al detectar la enfermedad en su estado m\u00e1s temprano y con frecuencia precanceroso (Freepik)<\/p>\n\n\n\n<p>Un<a rel=\"noreferrer noopener\" href=\"https:\/\/www.infobae.com\/salud\/2024\/03\/05\/cancer-de-colon-cinco-medidas-esenciales-para-evitar-un-tipo-de-tumor-que-crece-entre-los-adultos-jovenes\/\" target=\"_blank\">&nbsp;estudio<\/a>&nbsp;realizado por la<strong>&nbsp;Sociedad Estadounidense contra el C\u00e1ncer<\/strong>&nbsp;(ACS, por sus siglas en ingl\u00e9s) revel\u00f3 una suba preocupante de diagn\u00f3stico del c\u00e1ncer de colon en&nbsp;<strong>adultos j\u00f3venes.&nbsp;<\/strong>Lo que interpela a un cambio en el abordaje de la enfermedad, con m\u00e1s personas diagnosticadas a edades m\u00e1s tempranas. De acuerdo a los autores, los c\u00e1nceres de colon y recto se han convertido en&nbsp;<strong>Estados Unidos&nbsp;<\/strong>en una de las principales causas de muerte por c\u00e1ncer en personas menores de 50 a\u00f1os.<\/p>\n\n\n\n<p>El&nbsp;<em><strong>Task Force<\/strong><\/em>&nbsp;contra el c\u00e1ncer de colon,compuesto por la<strong>&nbsp;Sociedad Americana de Endoscopia Digestiva, la Sociedad Americana de Gastroenterolog\u00eda, la Sociedad Americana de Cirug\u00eda y la Asociaci\u00f3n Americana de Oncolog\u00eda<\/strong>, llevan m\u00e1s de una d\u00e9cada revisando las estad\u00edsticas y observaron la tendencia del incremento del c\u00e1ncer de colon en edades m\u00e1s tempranas.<\/p>\n\n\n\n<p>Los&nbsp;<a rel=\"noreferrer noopener\" href=\"https:\/\/www.infobae.com\/salud\/2023\/05\/07\/cuales-son-los-nuevos-4-sintomas-tempranos-del-cancer-de-colon-la-enfermedad-que-afecto-a-natalia-lobo\/\" target=\"_blank\"><strong>s\u00edntomas&nbsp;<\/strong><\/a>del c\u00e1ncer de colon pueden incluir sangrado rectal, cambios repentinos en los h\u00e1bitos intestinales, p\u00e9rdida de peso inexplicable y dolor abdominal.<\/p>\n\n\n\n<p><img loading=\"lazy\" decoding=\"async\" alt=\"Plato de papas fritas acompa\u00f1adas de salsa picante, ejemplo de mala alimentaci\u00f3n - (Imagen Ilustrativa Infobae).\" height=\"1080\" width=\"1920\" src=\"https:\/\/www.infobae.com\/new-resizer\/EX4yHewPKDAzKbk8A5qt751y5WI=\/420x236\/filters:format(webp):quality(85)\/cloudfront-us-east-1.images.arcpublishing.com\/infobae\/DL52XO3DMBHKBEAI6QYATL3ZAM.jpg%20420w\" srcset=\"https:\/\/www.infobae.com\/new-resizer\/EX4yHewPKDAzKbk8A5qt751y5WI=\/420x236\/filters:format(webp):quality(85)\/cloudfront-us-east-1.images.arcpublishing.com\/infobae\/DL52XO3DMBHKBEAI6QYATL3ZAM.jpg 420w,https:\/\/www.infobae.com\/new-resizer\/wHkOpHrxEdqh2c9SG1mySISqEjo=\/768x432\/filters:format(webp):quality(85)\/cloudfront-us-east-1.images.arcpublishing.com\/infobae\/DL52XO3DMBHKBEAI6QYATL3ZAM.jpg 768w,https:\/\/www.infobae.com\/new-resizer\/lqpM6kaNOeIj4X0Wr5rVdbPkZuQ=\/992x558\/filters:format(webp):quality(85)\/cloudfront-us-east-1.images.arcpublishing.com\/infobae\/DL52XO3DMBHKBEAI6QYATL3ZAM.jpg 992w,https:\/\/www.infobae.com\/new-resizer\/7OCzH5nLnuMcQWfAhPDR4oYpVwE=\/1200x675\/filters:format(webp):quality(85)\/cloudfront-us-east-1.images.arcpublishing.com\/infobae\/DL52XO3DMBHKBEAI6QYATL3ZAM.jpg 1200w,https:\/\/www.infobae.com\/new-resizer\/Fo_1KlIfqZf8h1lajcCJjNlkGRM=\/1440x810\/filters:format(webp):quality(85)\/cloudfront-us-east-1.images.arcpublishing.com\/infobae\/DL52XO3DMBHKBEAI6QYATL3ZAM.jpg 1440w\">Plato de papas fritas acompa\u00f1adas de salsa picante, ejemplo de mala alimentaci\u00f3n &#8211; (Imagen Ilustrativa Infobae).<\/p>\n\n\n\n<p>Este panorama llev\u00f3 a modificar la edad en la que se realiza el&nbsp;<strong>screening o tamizaje de c\u00e1ncer de colon<\/strong>&nbsp;y anticiparlo de los 50 a\u00f1os a los&nbsp;<strong>45 a\u00f1os&nbsp;<\/strong>en Estados Unidos, Canad\u00e1, Europa y Asia Oriental, detall\u00f3 el presidente de la Fundaci\u00f3n Gedyt y se\u00f1al\u00f3 que en Argentina y algunos pa\u00edses latinoamericanos por el momento sigue siendo a partir de los 50 a\u00f1os y hasta los 75.<\/p>\n\n\n\n<p>Observ\u00e1bamos con preocupaci\u00f3n que a los 50 a\u00f1os, cuando las personas ven\u00edan a hacerse el tamizaje de colon, ya encontr\u00e1bamos c\u00e1ncer instituido. Sabemos que<strong>&nbsp;desde la aparici\u00f3n de un p\u00f3lipo hasta que se convierte en c\u00e1ncer pueden pasar entre 5 y 8 a\u00f1os<\/strong>. Por lo tanto, concluimos que deb\u00edamos comenzar antes con el screening.<\/p>\n\n\n\n<h2 class=\"wp-block-heading\">Los estudios para detectar el c\u00e1ncer de colon<\/h2>\n\n\n\n<p>Existen dos herramientas para la detecci\u00f3n temprana del c\u00e1ncer de colon: el primer paso para la prevenci\u00f3n es el&nbsp;<strong>Test Inmunol\u00f3gico de Materia Fecal&nbsp;<\/strong>(FIT, por sus siglas en ingl\u00e9s), un estudio que se hace en casa y se entrega en el laboratorio, y que, al medir muestras \u00ednfimas de sangre, puede detectar la presencia de un p\u00f3lipo.<\/p>\n\n\n\n<p>El FIT permite detectar&nbsp;<strong>potenciales diagn\u00f3sticos<\/strong>&nbsp;y es una herramienta fundamental de la medicina preventiva.<\/p>\n\n\n\n<p><img loading=\"lazy\" decoding=\"async\" alt=\"Su riesgo de contraer c\u00e1ncer colorrectal aumenta a medida que envejece  (Getty Images)\" height=\"1080\" width=\"1920\" src=\"https:\/\/www.infobae.com\/new-resizer\/c6_UZYlqBHDtFBiXJiwAEXEuWiY=\/420x236\/filters:format(webp):quality(85)\/cloudfront-us-east-1.images.arcpublishing.com\/infobae\/WQRP2OISFJAWDM3GI3OKMOMSPM.jpg%20420w\" srcset=\"https:\/\/www.infobae.com\/new-resizer\/c6_UZYlqBHDtFBiXJiwAEXEuWiY=\/420x236\/filters:format(webp):quality(85)\/cloudfront-us-east-1.images.arcpublishing.com\/infobae\/WQRP2OISFJAWDM3GI3OKMOMSPM.jpg 420w,https:\/\/www.infobae.com\/new-resizer\/EoPKh33KsvmSzJ1WhJL_pEiKztU=\/768x432\/filters:format(webp):quality(85)\/cloudfront-us-east-1.images.arcpublishing.com\/infobae\/WQRP2OISFJAWDM3GI3OKMOMSPM.jpg 768w,https:\/\/www.infobae.com\/new-resizer\/ex6JjqX3stQ5WNgz2uIRBCCALnY=\/992x558\/filters:format(webp):quality(85)\/cloudfront-us-east-1.images.arcpublishing.com\/infobae\/WQRP2OISFJAWDM3GI3OKMOMSPM.jpg 992w,https:\/\/www.infobae.com\/new-resizer\/JNyyYsQK6tbJWYL5v8ikur5ZrAg=\/1200x675\/filters:format(webp):quality(85)\/cloudfront-us-east-1.images.arcpublishing.com\/infobae\/WQRP2OISFJAWDM3GI3OKMOMSPM.jpg 1200w,https:\/\/www.infobae.com\/new-resizer\/-pVJoFqaNRXA9CLcVUyQaziGU8E=\/1440x810\/filters:format(webp):quality(85)\/cloudfront-us-east-1.images.arcpublishing.com\/infobae\/WQRP2OISFJAWDM3GI3OKMOMSPM.jpg 1440w\">Su riesgo de contraer c\u00e1ncer colorrectal aumenta a medida que envejece (Getty Images)<\/p>\n\n\n\n<p>En el caso de FIT positivo, el paciente deber\u00e1 realizarse una&nbsp;<strong>colonoscopia<\/strong>. Si se encuentran elementos patol\u00f3gicos, se inicia el tratamiento individualizado por la patolog\u00eda. Del total de las personas que realizan el FIT, se estima que un 10% deber\u00e1 hacerse la colonoscop\u00eda.<\/p>\n\n\n\n<p>La comunidad cient\u00edfica ya incorpor\u00f3 el concepto de&nbsp;<strong>c\u00e1ncer de colon de aparici\u00f3n en edad temprana<\/strong>&nbsp;(<em>early onset CCR<\/em>), una tendencia a la que no escapa<strong>&nbsp;Am\u00e9rica Latina<\/strong>, con m\u00e1s diagn\u00f3sticos en menores de 50 a\u00f1os.<\/p>\n\n\n\n<p>Sin embargo, a\u00fan no existen pol\u00edticas de salud p\u00fablicas orientadas a bajar la edad de los estudios preventivos en la regi\u00f3n, aunque algunos m\u00e9dicos comenzaron a hacerlo en sus consultorios y en su pr\u00e1ctica diaria.<\/p>\n\n\n\n<h2 class=\"wp-block-heading\">Por qu\u00e9 el c\u00e1ncer de colon se detecta a edades m\u00e1s tempranas<\/h2>\n\n\n\n<p><img loading=\"lazy\" decoding=\"async\" alt=\"Los s\u00edntomas del c\u00e1ncer de colon pueden incluir sangrado rectal, cambios repentinos en los h\u00e1bitos intestinales, p\u00e9rdida de peso inexplicable y dolor abdominal.\n\n (Imagen ilustrativa Infobae)\" height=\"816\" width=\"1456\" src=\"https:\/\/www.infobae.com\/new-resizer\/e_xmHNxsOccRSvvdGYSypKg1kHk=\/420x236\/filters:format(webp):quality(85)\/cloudfront-us-east-1.images.arcpublishing.com\/infobae\/AVZQBBOH6NHVNOD7KBHOH6RC7U.jpg%20420w\" srcset=\"https:\/\/www.infobae.com\/new-resizer\/e_xmHNxsOccRSvvdGYSypKg1kHk=\/420x236\/filters:format(webp):quality(85)\/cloudfront-us-east-1.images.arcpublishing.com\/infobae\/AVZQBBOH6NHVNOD7KBHOH6RC7U.jpg 420w,https:\/\/www.infobae.com\/new-resizer\/LAUhrKMc91w8h5DCM10Nboy1ym0=\/768x432\/filters:format(webp):quality(85)\/cloudfront-us-east-1.images.arcpublishing.com\/infobae\/AVZQBBOH6NHVNOD7KBHOH6RC7U.jpg 768w,https:\/\/www.infobae.com\/new-resizer\/sSlNNzQhNUlkdeu3dx_b7LnjmcA=\/992x558\/filters:format(webp):quality(85)\/cloudfront-us-east-1.images.arcpublishing.com\/infobae\/AVZQBBOH6NHVNOD7KBHOH6RC7U.jpg 992w,https:\/\/www.infobae.com\/new-resizer\/OJPgi55gt3efLn7h2WSNW5wdkFE=\/1200x675\/filters:format(webp):quality(85)\/cloudfront-us-east-1.images.arcpublishing.com\/infobae\/AVZQBBOH6NHVNOD7KBHOH6RC7U.jpg 1200w,https:\/\/www.infobae.com\/new-resizer\/wVpTubd3dzIqadgZV47Jkgz-w2M=\/1440x810\/filters:format(webp):quality(85)\/cloudfront-us-east-1.images.arcpublishing.com\/infobae\/AVZQBBOH6NHVNOD7KBHOH6RC7U.jpg 1440w\">Los s\u00edntomas del c\u00e1ncer de colon pueden incluir sangrado rectal, cambios repentinos en los h\u00e1bitos intestinales, p\u00e9rdida de peso inexplicable y dolor abdominal. (Imagen ilustrativa Infobae)<\/p>\n\n\n\n<p>Dado que no se han observado cambios gen\u00e9ticos ya que la herencia no ha variado, creemos que la&nbsp;<strong>obesidad en la ni\u00f1ez y adolescencia&nbsp;<\/strong>est\u00e1 creciendo y esto, al actuar mediante la insulina, podr\u00eda ser un&nbsp;<strong>factor importante en el desarrollo del c\u00e1ncer de colon en personas j\u00f3venes.<\/strong><\/p>\n\n\n\n<p>El experto precis\u00f3 que recientes investigaciones establecieron una asociaci\u00f3n entre el consumo de&nbsp;<strong>gaseosas azucaradas&nbsp;<\/strong>(sobre an\u00e1lisis de la dieta en Estados Unidos) y encontraron que tambi\u00e9n podr\u00eda tener una implicancia.<\/p>\n\n\n\n<p>Adem\u00e1s, la llamada&nbsp;<a rel=\"noreferrer noopener\" href=\"https:\/\/www.infobae.com\/salud\/2024\/02\/26\/la-comida-chatarra-aumenta-el-riesgo-de-cancer-de-colon-pero-la-mayoria-no-lo-sabe\/\" target=\"_blank\"><strong>comida r\u00e1pida o chatarra<\/strong><\/a>, como los<strong>&nbsp;productos ultraprocesados, embutidos y alimentos con alto contenido de az\u00facares<\/strong>, tiende a alterar la<strong>&nbsp;microbiota intestinal.<\/strong>&nbsp;Algunas bacterias son generadoras de protecci\u00f3n para el c\u00e1ncer de colon, mientras que otras son estimuladoras de la patolog\u00eda.<\/p>\n\n\n\n<p>Otro punto a considerar es que en los \u00faltimos a\u00f1os se ha observado que en ni\u00f1os o adolescentes que han tomado&nbsp;<strong>muchos antibi\u00f3ticos desde la infancia<\/strong>, hay una predisposici\u00f3n a alterar la microbiota y favorecer el c\u00e1ncer de colon en j\u00f3venes.<\/p>\n\n\n\n<p>Esto significa que existen factores de riesgo para desarrollar el c\u00e1ncer de colon que son absolutamente prevenibles: combatir la obesidad, el sedentarismo, la dieta alta en ultraprocesados, y el tabaco.<\/p>\n\n\n\n<p>Lo que no podemos cambiar es la parte gen\u00e9tica, pero todos estos aspectos de<strong>&nbsp;estilo de vida&nbsp;<\/strong>s\u00ed pueden modificarse para prevenir la enfermedad.<\/p>\n\n\n\n<p><em>*El doctor Luis Caro es m\u00e9dico gastroenter\u00f3logo y un referente de su especialidad en Am\u00e9rica Latina. Es director general del centro GEDyT (Gastroenterologia Diagn\u00f3stica y Tratamiento). Tambi\u00e9n dirige la carrera de Endoscop\u00eda Digestiva de la Universidad de Buenos Aires (UBA) y preside la Fundaci\u00f3n Gedyt. Es presidente para Latinoam\u00e9rica de screening de c\u00e1ncer de colon en la Asociaci\u00f3n Mundial de Endoscop\u00eda (WEO)<\/em><\/p>\n\n\n\n<p>Fuente: https:\/\/www.infobae.com\/salud\/2024\/03\/15\/la-obesidad-y-los-alimentos-ultraprocesados-impulsan-el-aumento-de-un-tipo-de-cancer-grave-en-adultos-jovenes\/<\/p>\n","protected":false},"excerpt":{"rendered":"<p>En el mes de concientizaci\u00f3n del c\u00e1ncer de colon, el gastroenter\u00f3logo Luis Caro, director de la carrera de Endoscop\u00eda Digestiva de la UBA y presidente de la Fundaci\u00f3n Gedyt, destac\u00f3 la importancia de realizarse los estudios preventivos, ya que la patolog\u00eda es curable si se detecta a tiempo El&nbsp;c\u00e1ncer de colon&nbsp;o colorrectal&nbsp;es uno de los [&hellip;]<\/p>\n","protected":false},"author":3,"featured_media":999,"comment_status":"open","ping_status":"open","sticky":false,"template":"","format":"standard","meta":{"footnotes":""},"categories":[6,3,5],"tags":[516,46],"class_list":["post-998","post","type-post","status-publish","format-standard","has-post-thumbnail","hentry","category-alimentacion","category-principal","category-salud","tag-alimentos-procesados","tag-cancer-de-colon"],"_links":{"self":[{"href":"https:\/\/noticiassaludables.com.ar\/index.php?rest_route=\/wp\/v2\/posts\/998","targetHints":{"allow":["GET"]}}],"collection":[{"href":"https:\/\/noticiassaludables.com.ar\/index.php?rest_route=\/wp\/v2\/posts"}],"about":[{"href":"https:\/\/noticiassaludables.com.ar\/index.php?rest_route=\/wp\/v2\/types\/post"}],"author":[{"embeddable":true,"href":"https:\/\/noticiassaludables.com.ar\/index.php?rest_route=\/wp\/v2\/users\/3"}],"replies":[{"embeddable":true,"href":"https:\/\/noticiassaludables.com.ar\/index.php?rest_route=%2Fwp%2Fv2%2Fcomments&post=998"}],"version-history":[{"count":1,"href":"https:\/\/noticiassaludables.com.ar\/index.php?rest_route=\/wp\/v2\/posts\/998\/revisions"}],"predecessor-version":[{"id":1000,"href":"https:\/\/noticiassaludables.com.ar\/index.php?rest_route=\/wp\/v2\/posts\/998\/revisions\/1000"}],"wp:featuredmedia":[{"embeddable":true,"href":"https:\/\/noticiassaludables.com.ar\/index.php?rest_route=\/wp\/v2\/media\/999"}],"wp:attachment":[{"href":"https:\/\/noticiassaludables.com.ar\/index.php?rest_route=%2Fwp%2Fv2%2Fmedia&parent=998"}],"wp:term":[{"taxonomy":"category","embeddable":true,"href":"https:\/\/noticiassaludables.com.ar\/index.php?rest_route=%2Fwp%2Fv2%2Fcategories&post=998"},{"taxonomy":"post_tag","embeddable":true,"href":"https:\/\/noticiassaludables.com.ar\/index.php?rest_route=%2Fwp%2Fv2%2Ftags&post=998"}],"curies":[{"name":"wp","href":"https:\/\/api.w.org\/{rel}","templated":true}]}}